{"id":8533,"date":"2021-08-04T15:20:46","date_gmt":"2021-08-04T12:20:46","guid":{"rendered":"https:\/\/trt12punto.com\/trt-release-in-sarajevo-film-festival\/"},"modified":"2022-01-11T15:52:06","modified_gmt":"2022-01-11T12:52:06","slug":"trt-films-in-sarajevo-film-festival","status":"publish","type":"post","link":"https:\/\/trt12punto.com\/en\/trt-films-in-sarajevo-film-festival\/","title":{"rendered":"TRT Films in Sarajevo Film Festival"},"content":{"rendered":"<p><strong>5 films produced by TRT and co-produced by TRT will be at the 27th Sarajevo Film Festival\u2026 <\/strong><\/p>\n<p><strong>TRT productions and TRT co-produced films will hit the headlines in the &#8220;Sarajevo Film Festival&#8221;, which will start on 13 August this year in Bosnia and Herzegovina. Sarajevo Film Festival, which will be held for the 27th time between 13-20 August, will open with the TRT production &#8220;Not So Friendly Neighborhood Affair&#8221;. TRT co-productions &#8220;Quo Vadis, Aida?&#8221; and \u201cForgiveness\u201d will be shown in the &#8220;In Focus&#8221; selection of the festival, while in the \u201cCinelink\u201d, the industry section of the festival, TRT co-production \u201cHesitation Wound\u201d and \u201cTo Carnations a Song\u201d will take part. <\/strong><\/p>\n<p>The Sarajevo Film Festival, the most important film festival in Eastern Europe and the Balkans, will feature five films produced by TRT and co-produced by TRT this year. The festival, which will open with Oscar-winning Bosnian director Danis Tanovic&#8217;s TRT production &#8220;Not So Friendly Neighborhood Affair&#8221;, will feature the best films produced in the last year in Eastern Europe and the Balkans. In the festival&#8217;s &#8220;In Focus&#8221; selection, TRT co-productions &#8220;Quo Vadis, Aida?&#8221; and \u201cForgiveness\u201d will be screened. In the industry section of the festival, in \u201cCinelink\u201d, \u201cHesitation Wound\u201d, which won the \u201cTRT Co-Production Award\u201d in 12 Punto last June, and \u201cTo Carnations a Song\u201d, which won the \u201cTRT Co-Production Award\u201d in 12 Punto 2019, will take place.<\/p>\n<blockquote><p><strong>The opening of the festival will be with TRT production &#8220;Not So Friendly Neighborhood Affair&#8221;<\/strong><\/p><\/blockquote>\n<p>After the opening ceremony of the festival, which started to be organized in order to erase the traces of the war in Bosnia (1992-1995) and to make the capital Sarajevo a center of culture and art again, Oscar-winning Bosnian director Danis Tanovic&#8217;s movie &#8220;Not So Friendly Neighborhood Affair&#8221; will be screened. The TRT-produced film tells the rivalry of the two best cevabi (Sarajevo-style meatballs) masters of Sarajevo, who are friends and neighbors despite having very different characters. The film, which will make its world premiere at the festival, will be screened outdoors on Friday, August 13, with the participation of more than a thousand spectators.<\/p>\n<blockquote><p><strong>Oscar-nominated \u201cQuo Vadis Aida?\u201d will be screened in Sarajevo <\/strong><\/p><\/blockquote>\n<p>TRT co-production &#8220;Quo Vadis, Aida?&#8221;, directed by Jasmila Zbanic and produced by Damir Ibrahimovic, is a co-production of Bosnia and Herzegovina, Turkey, Austria, Romania, Netherlands, Germany, Poland, France and Norway. The film, which is about the Srebrenica massacre in 1995, takes place at the United Nations Base in the days of the genocide, when tens of thousands of Bosnians, including women and children, were killed by Serbian soldiers in the city of Srebrenica in Bosnia and Herzegovina. The film, which made its world premiere in September 2020 in the Main Competition section of the Venice Film Festival, the most important festival in the world, competed in the Toronto Film Festival; After Venice and Toronto, it took part in many important film festivals and won awards. In Turkey, the film received the Best Film Award in the International Competition at the Antalya Golden Orange Film Festival last October. &#8220;Quo Vadis Aida?&#8221; competed in the &#8220;Best International Film&#8221; category at the 93rd Oscar Awards, and competed in the Best Director and Best Foreign Language Film categories at the BAFTA Awards, which is considered the UK&#8217;s Oscar.<\/p>\n<blockquote><p><strong>Award-winning TRT co-production \u201cForgiveness\u201d in In Focus Select<\/strong><\/p><\/blockquote>\n<p>Directed by Cem \u00d6zay and produced by \u00d6m\u00fcr G\u00fcner, TRT co-production &#8220;Forgiveness&#8221; is about the problems of an authoritarian father who behaves his family oppressive and unjustly. He makes living by trading wood in a mountain village. TRT co-production &#8220;Forgiveness&#8221;, which made its world premiere at the 33rd Tokyo Film Festival, one of the biggest film festivals in the world, was supported by T.C. General Directorate of Cinema of the Ministry of Culture and Tourism. The film, which won the &#8220;TRT Project Development Special Award&#8221; at the Antalya Film Forum and the &#8220;Another Cinema Distribution Award&#8221; at the Istanbul Film Festival&#8217;s industrial section, Meetings on the Bridge, will be included in the &#8220;In Focus&#8221; selection of the Sarajevo Film Festival.<\/p>\n<blockquote><p><strong>TRT co-productions &#8220;Hesitation Wound&#8221; and &#8220;To Carnations a Song&#8221; are at Cinelink!<\/strong><\/p><\/blockquote>\n<p>The projects &#8220;Hesitation Wound&#8221;, which won the &#8220;TRT Co-Production Award&#8221; at the 12 Punto TRT Script Days held in June this year, and &#8220;To Carnations a Song&#8221;, which won the &#8220;TRT Co-Production Award&#8221; at the 12 Punto in 2019, will take part at the Sarajevo Film Festival\u2019s industry section, Cinelink.<\/p>\n<p>The &#8220;Hesitation Wound&#8221; project, directed and scripted by Selman Nacar and produced by Burak \u00c7evik and Diloy G\u00fcl\u00fcn, was selected for the &#8220;Joint Production Market&#8221; of Cinelink, the industry section of the festival. The project, which is in the script stage, is about the story of lawyer Nesrin, who had to face her own conscience at the sentencing hearing of a murder suspect that she believed to be innocent and defended for a long time. Co-written by Bekir B\u00fclb\u00fcl and B\u00fc\u015fra B\u00fclb\u00fcl; The project &#8220;To Carnations a Song&#8221;, directed by Bekir B\u00fclb\u00fcl and produced by Halil Karda\u015f, is included in the &#8220;Work in Progress&#8221; selection of the industry section of the festival, Cinelink, where films in the editing phase compete. The shooting of the film, which is about the journey of an elderly refugee Musa and his little granddaughter Halime and their struggle for survival in difficult climatic conditions, was completed in the past months.<\/p>\n","protected":false},"excerpt":{"rendered":"<p>5 films produced by TRT and co-produced by TRT will be at the 27th Sarajevo Film Festival\u2026 <\/p>\n","protected":false},"author":1,"featured_media":7985,"comment_status":"closed","ping_status":"open","sticky":false,"template":"","format":"standard","meta":{"_wpcom_ai_launchpad_first_post":false,"footnotes":"","jetpack_post_was_ever_published":false},"categories":[476],"tags":[985,753,978,983,678,790,984,712],"class_list":["post-8533","post","type-post","status-publish","format-standard","has-post-thumbnail","hentry","category-news","tag-deset-u-pola-en","tag-forgiveness","tag-hesitation-wound","tag-not-so-friendly-neighborhood-affair","tag-quo-vadis-aida-en","tag-saraybosna-film-festivali-en","tag-ten-in-half-en","tag-to-carnations-a-song"],"yoast_head":"<!-- This site is optimized with the Yoast SEO plugin v28.1 - https:\/\/yoast.com\/product\/yoast-seo-wordpress\/ -->\n<title>TRT Films in Sarajevo Film Festival - TRT 12 Punto<\/title>\n<meta name=\"robots\" content=\"index, follow, max-snippet:-1, max-image-preview:large, max-video-preview:-1\" \/>\n<link rel=\"canonical\" href=\"https:\/\/trt12punto.com\/saraybosna-film-festivaline-trt-cikarmasi\/\" \/>\n<meta property=\"og:locale\" content=\"en_US\" \/>\n<meta property=\"og:type\" content=\"article\" \/>\n<meta property=\"og:title\" content=\"TRT Films in Sarajevo Film Festival - TRT 12 Punto\" \/>\n<meta property=\"og:description\" content=\"5 films produced by TRT and co-produced by TRT will be at the 27th Sarajevo Film Festival\u2026\" \/>\n<meta property=\"og:url\" content=\"https:\/\/trt12punto.com\/saraybosna-film-festivaline-trt-cikarmasi\/\" \/>\n<meta property=\"og:site_name\" content=\"TRT 12 Punto\" \/>\n<meta property=\"article:published_time\" content=\"2021-08-04T12:20:46+00:00\" \/>\n<meta property=\"article:modified_time\" content=\"2022-01-11T12:52:06+00:00\" \/>\n<meta property=\"og:image\" content=\"https:\/\/trt12punto.com\/wp-content\/uploads\/2021\/08\/quo_vadis_press_photo_0029485-1030x557.jpg\" \/>\n\t<meta property=\"og:image:width\" content=\"1030\" \/>\n\t<meta property=\"og:image:height\" content=\"557\" \/>\n\t<meta property=\"og:image:type\" content=\"image\/jpeg\" \/>\n<meta name=\"author\" content=\"admin\" \/>\n<meta name=\"twitter:card\" content=\"summary_large_image\" \/>\n<meta name=\"twitter:label1\" content=\"Written by\" \/>\n\t<meta name=\"twitter:data1\" content=\"admin\" \/>\n\t<meta name=\"twitter:label2\" content=\"Est. reading time\" \/>\n\t<meta name=\"twitter:data2\" content=\"4 minutes\" \/>\n<script type=\"application\/ld+json\" class=\"yoast-schema-graph\">{\"@context\":\"https:\\\/\\\/schema.org\",\"@graph\":[{\"@type\":\"Article\",\"@id\":\"https:\\\/\\\/trt12punto.com\\\/saraybosna-film-festivaline-trt-cikarmasi\\\/#article\",\"isPartOf\":{\"@id\":\"https:\\\/\\\/trt12punto.com\\\/saraybosna-film-festivaline-trt-cikarmasi\\\/\"},\"author\":{\"name\":\"admin\",\"@id\":\"https:\\\/\\\/trt12punto.com\\\/#\\\/schema\\\/person\\\/8a63ee8d894001bd12509b9d6392ebd8\"},\"headline\":\"TRT Films in Sarajevo Film Festival\",\"datePublished\":\"2021-08-04T12:20:46+00:00\",\"dateModified\":\"2022-01-11T12:52:06+00:00\",\"mainEntityOfPage\":{\"@id\":\"https:\\\/\\\/trt12punto.com\\\/saraybosna-film-festivaline-trt-cikarmasi\\\/\"},\"wordCount\":898,\"image\":{\"@id\":\"https:\\\/\\\/trt12punto.com\\\/saraybosna-film-festivaline-trt-cikarmasi\\\/#primaryimage\"},\"thumbnailUrl\":\"https:\\\/\\\/trt12punto.com\\\/wp-content\\\/uploads\\\/2021\\\/08\\\/quo_vadis_press_photo_0029485-scaled.jpg\",\"keywords\":[\"Deset u pola\",\"Forgiveness\",\"Hesitation Wound\",\"Not So Friendly Neighborhood Affair\",\"Quo Vadis Aida?\",\"SARAYBOSNA F\u0130LM FEST\u0130VAL\u0130\",\"Ten In Half\",\"To Carnations a Song\"],\"articleSection\":[\"News\"],\"inLanguage\":\"en-US\"},{\"@type\":\"WebPage\",\"@id\":\"https:\\\/\\\/trt12punto.com\\\/saraybosna-film-festivaline-trt-cikarmasi\\\/\",\"url\":\"https:\\\/\\\/trt12punto.com\\\/saraybosna-film-festivaline-trt-cikarmasi\\\/\",\"name\":\"TRT Films in Sarajevo Film Festival - TRT 12 Punto\",\"isPartOf\":{\"@id\":\"https:\\\/\\\/trt12punto.com\\\/#website\"},\"primaryImageOfPage\":{\"@id\":\"https:\\\/\\\/trt12punto.com\\\/saraybosna-film-festivaline-trt-cikarmasi\\\/#primaryimage\"},\"image\":{\"@id\":\"https:\\\/\\\/trt12punto.com\\\/saraybosna-film-festivaline-trt-cikarmasi\\\/#primaryimage\"},\"thumbnailUrl\":\"https:\\\/\\\/trt12punto.com\\\/wp-content\\\/uploads\\\/2021\\\/08\\\/quo_vadis_press_photo_0029485-scaled.jpg\",\"datePublished\":\"2021-08-04T12:20:46+00:00\",\"dateModified\":\"2022-01-11T12:52:06+00:00\",\"author\":{\"@id\":\"https:\\\/\\\/trt12punto.com\\\/#\\\/schema\\\/person\\\/8a63ee8d894001bd12509b9d6392ebd8\"},\"breadcrumb\":{\"@id\":\"https:\\\/\\\/trt12punto.com\\\/saraybosna-film-festivaline-trt-cikarmasi\\\/#breadcrumb\"},\"inLanguage\":\"en-US\",\"potentialAction\":[{\"@type\":\"ReadAction\",\"target\":[\"https:\\\/\\\/trt12punto.com\\\/saraybosna-film-festivaline-trt-cikarmasi\\\/\"]}]},{\"@type\":\"ImageObject\",\"inLanguage\":\"en-US\",\"@id\":\"https:\\\/\\\/trt12punto.com\\\/saraybosna-film-festivaline-trt-cikarmasi\\\/#primaryimage\",\"url\":\"https:\\\/\\\/trt12punto.com\\\/wp-content\\\/uploads\\\/2021\\\/08\\\/quo_vadis_press_photo_0029485-scaled.jpg\",\"contentUrl\":\"https:\\\/\\\/trt12punto.com\\\/wp-content\\\/uploads\\\/2021\\\/08\\\/quo_vadis_press_photo_0029485-scaled.jpg\",\"width\":2560,\"height\":1384},{\"@type\":\"BreadcrumbList\",\"@id\":\"https:\\\/\\\/trt12punto.com\\\/saraybosna-film-festivaline-trt-cikarmasi\\\/#breadcrumb\",\"itemListElement\":[{\"@type\":\"ListItem\",\"position\":1,\"name\":\"Anasayfa\",\"item\":\"https:\\\/\\\/trt12punto.com\\\/en\\\/home\\\/\"},{\"@type\":\"ListItem\",\"position\":2,\"name\":\"TRT Films in Sarajevo Film Festival\"}]},{\"@type\":\"WebSite\",\"@id\":\"https:\\\/\\\/trt12punto.com\\\/#website\",\"url\":\"https:\\\/\\\/trt12punto.com\\\/\",\"name\":\"TRT 12 Punto\",\"description\":\"T\u00fcrkiye&#039;nin En B\u00fcy\u00fck Senaryo Geli\u015ftirme Platformu\",\"potentialAction\":[{\"@type\":\"SearchAction\",\"target\":{\"@type\":\"EntryPoint\",\"urlTemplate\":\"https:\\\/\\\/trt12punto.com\\\/?s={search_term_string}\"},\"query-input\":{\"@type\":\"PropertyValueSpecification\",\"valueRequired\":true,\"valueName\":\"search_term_string\"}}],\"inLanguage\":\"en-US\"},{\"@type\":\"Person\",\"@id\":\"https:\\\/\\\/trt12punto.com\\\/#\\\/schema\\\/person\\\/8a63ee8d894001bd12509b9d6392ebd8\",\"name\":\"admin\",\"url\":\"https:\\\/\\\/trt12punto.com\\\/en\\\/author\\\/admin\\\/\"}]}<\/script>\n<!-- \/ Yoast SEO plugin. -->","yoast_head_json":{"title":"TRT Films in Sarajevo Film Festival - TRT 12 Punto","robots":{"index":"index","follow":"follow","max-snippet":"max-snippet:-1","max-image-preview":"max-image-preview:large","max-video-preview":"max-video-preview:-1"},"canonical":"https:\/\/trt12punto.com\/saraybosna-film-festivaline-trt-cikarmasi\/","og_locale":"en_US","og_type":"article","og_title":"TRT Films in Sarajevo Film Festival - TRT 12 Punto","og_description":"5 films produced by TRT and co-produced by TRT will be at the 27th Sarajevo Film Festival\u2026","og_url":"https:\/\/trt12punto.com\/saraybosna-film-festivaline-trt-cikarmasi\/","og_site_name":"TRT 12 Punto","article_published_time":"2021-08-04T12:20:46+00:00","article_modified_time":"2022-01-11T12:52:06+00:00","og_image":[{"width":1030,"height":557,"url":"https:\/\/trt12punto.com\/wp-content\/uploads\/2021\/08\/quo_vadis_press_photo_0029485-1030x557.jpg","type":"image\/jpeg"}],"author":"admin","twitter_card":"summary_large_image","twitter_misc":{"Written by":"admin","Est. reading time":"4 minutes"},"schema":{"@context":"https:\/\/schema.org","@graph":[{"@type":"Article","@id":"https:\/\/trt12punto.com\/saraybosna-film-festivaline-trt-cikarmasi\/#article","isPartOf":{"@id":"https:\/\/trt12punto.com\/saraybosna-film-festivaline-trt-cikarmasi\/"},"author":{"name":"admin","@id":"https:\/\/trt12punto.com\/#\/schema\/person\/8a63ee8d894001bd12509b9d6392ebd8"},"headline":"TRT Films in Sarajevo Film Festival","datePublished":"2021-08-04T12:20:46+00:00","dateModified":"2022-01-11T12:52:06+00:00","mainEntityOfPage":{"@id":"https:\/\/trt12punto.com\/saraybosna-film-festivaline-trt-cikarmasi\/"},"wordCount":898,"image":{"@id":"https:\/\/trt12punto.com\/saraybosna-film-festivaline-trt-cikarmasi\/#primaryimage"},"thumbnailUrl":"https:\/\/trt12punto.com\/wp-content\/uploads\/2021\/08\/quo_vadis_press_photo_0029485-scaled.jpg","keywords":["Deset u pola","Forgiveness","Hesitation Wound","Not So Friendly Neighborhood Affair","Quo Vadis Aida?","SARAYBOSNA F\u0130LM FEST\u0130VAL\u0130","Ten In Half","To Carnations a Song"],"articleSection":["News"],"inLanguage":"en-US"},{"@type":"WebPage","@id":"https:\/\/trt12punto.com\/saraybosna-film-festivaline-trt-cikarmasi\/","url":"https:\/\/trt12punto.com\/saraybosna-film-festivaline-trt-cikarmasi\/","name":"TRT Films in Sarajevo Film Festival - TRT 12 Punto","isPartOf":{"@id":"https:\/\/trt12punto.com\/#website"},"primaryImageOfPage":{"@id":"https:\/\/trt12punto.com\/saraybosna-film-festivaline-trt-cikarmasi\/#primaryimage"},"image":{"@id":"https:\/\/trt12punto.com\/saraybosna-film-festivaline-trt-cikarmasi\/#primaryimage"},"thumbnailUrl":"https:\/\/trt12punto.com\/wp-content\/uploads\/2021\/08\/quo_vadis_press_photo_0029485-scaled.jpg","datePublished":"2021-08-04T12:20:46+00:00","dateModified":"2022-01-11T12:52:06+00:00","author":{"@id":"https:\/\/trt12punto.com\/#\/schema\/person\/8a63ee8d894001bd12509b9d6392ebd8"},"breadcrumb":{"@id":"https:\/\/trt12punto.com\/saraybosna-film-festivaline-trt-cikarmasi\/#breadcrumb"},"inLanguage":"en-US","potentialAction":[{"@type":"ReadAction","target":["https:\/\/trt12punto.com\/saraybosna-film-festivaline-trt-cikarmasi\/"]}]},{"@type":"ImageObject","inLanguage":"en-US","@id":"https:\/\/trt12punto.com\/saraybosna-film-festivaline-trt-cikarmasi\/#primaryimage","url":"https:\/\/trt12punto.com\/wp-content\/uploads\/2021\/08\/quo_vadis_press_photo_0029485-scaled.jpg","contentUrl":"https:\/\/trt12punto.com\/wp-content\/uploads\/2021\/08\/quo_vadis_press_photo_0029485-scaled.jpg","width":2560,"height":1384},{"@type":"BreadcrumbList","@id":"https:\/\/trt12punto.com\/saraybosna-film-festivaline-trt-cikarmasi\/#breadcrumb","itemListElement":[{"@type":"ListItem","position":1,"name":"Anasayfa","item":"https:\/\/trt12punto.com\/en\/home\/"},{"@type":"ListItem","position":2,"name":"TRT Films in Sarajevo Film Festival"}]},{"@type":"WebSite","@id":"https:\/\/trt12punto.com\/#website","url":"https:\/\/trt12punto.com\/","name":"TRT 12 Punto","description":"T\u00fcrkiye&#039;nin En B\u00fcy\u00fck Senaryo Geli\u015ftirme Platformu","potentialAction":[{"@type":"SearchAction","target":{"@type":"EntryPoint","urlTemplate":"https:\/\/trt12punto.com\/?s={search_term_string}"},"query-input":{"@type":"PropertyValueSpecification","valueRequired":true,"valueName":"search_term_string"}}],"inLanguage":"en-US"},{"@type":"Person","@id":"https:\/\/trt12punto.com\/#\/schema\/person\/8a63ee8d894001bd12509b9d6392ebd8","name":"admin","url":"https:\/\/trt12punto.com\/en\/author\/admin\/"}]}},"jetpack_shortlink":"https:\/\/wp.me\/pgRTn7-2dD","jetpack_featured_media_url":"https:\/\/trt12punto.com\/wp-content\/uploads\/2021\/08\/quo_vadis_press_photo_0029485-scaled.jpg","_links":{"self":[{"href":"https:\/\/trt12punto.com\/en\/wp-json\/wp\/v2\/posts\/8533","targetHints":{"allow":["GET"]}}],"collection":[{"href":"https:\/\/trt12punto.com\/en\/wp-json\/wp\/v2\/posts"}],"about":[{"href":"https:\/\/trt12punto.com\/en\/wp-json\/wp\/v2\/types\/post"}],"author":[{"embeddable":true,"href":"https:\/\/trt12punto.com\/en\/wp-json\/wp\/v2\/users\/1"}],"replies":[{"embeddable":true,"href":"https:\/\/trt12punto.com\/en\/wp-json\/wp\/v2\/comments?post=8533"}],"version-history":[{"count":3,"href":"https:\/\/trt12punto.com\/en\/wp-json\/wp\/v2\/posts\/8533\/revisions"}],"predecessor-version":[{"id":8534,"href":"https:\/\/trt12punto.com\/en\/wp-json\/wp\/v2\/posts\/8533\/revisions\/8534"}],"wp:featuredmedia":[{"embeddable":true,"href":"https:\/\/trt12punto.com\/en\/wp-json\/wp\/v2\/media\/7985"}],"wp:attachment":[{"href":"https:\/\/trt12punto.com\/en\/wp-json\/wp\/v2\/media?parent=8533"}],"wp:term":[{"taxonomy":"category","embeddable":true,"href":"https:\/\/trt12punto.com\/en\/wp-json\/wp\/v2\/categories?post=8533"},{"taxonomy":"post_tag","embeddable":true,"href":"https:\/\/trt12punto.com\/en\/wp-json\/wp\/v2\/tags?post=8533"}],"curies":[{"name":"wp","href":"https:\/\/api.w.org\/{rel}","templated":true}]}}